{"id":19150,"date":"2023-12-09T15:15:07","date_gmt":"2023-12-09T15:15:07","guid":{"rendered":"https:\/\/susimetsa.ee\/akademische-residenz-des-estnischen-nationalmuseums\/"},"modified":"2024-09-15T07:50:17","modified_gmt":"2024-09-15T07:50:17","slug":"akademische-residenz-des-estnischen-nationalmuseums","status":"publish","type":"post","link":"https:\/\/susimetsa.ee\/de\/akademische-residenz-des-estnischen-nationalmuseums\/","title":{"rendered":"Akademische Residenz des Estnischen Nationalmuseums"},"content":{"rendered":"\n<h1 class=\"wp-block-heading\">Akademische Residenz des Estnischen Nationalmuseums,<strong> <\/strong>15-18. November 2023 \/ <br\/>Eesti Rahva Muuseumi akadeemiline loomeresidentuur 15.-18.\nnovember 2023 <\/h1>\n\n<p>Lesen Sie \u00fcber den Besuch des Estnischen Nationalmuseums im Susimetsa Philosophicum.<\/p>\n\n<p><em>Englische \u00dcbersetzung<\/em><\/p>\n\n<blockquote class=\"wp-block-quote is-layout-flow wp-block-quote-is-layout-flow\">\n<p>Wir verbrachten einige Tage in einer akademischen Kreativresidenz im Susimetsa Philosophicum mit den leitenden Forschern des Estnischen Nationalmuseums.\nW\u00e4hrend dieser Tage diskutierten wir \u00fcber die Arbeit der letzten Jahre und zuk\u00fcnftige Forschungsrichtungen.\nEin Haus voller B\u00fccher half uns dabei, nicht dar\u00fcber nachzudenken, was in den vergangenen Jahren getan wurde, sondern vielmehr dar\u00fcber, was das Ergebnis dieser Aktivit\u00e4ten war und wohin wir von hier aus gehen sollten.  <\/p>\n\n\n\n<p>Der Besuch in Susimetsa bot die Gelegenheit, aus den \u00fcblichen Besprechungsr\u00e4umen herauszukommen, die normalerweise mit t\u00e4glichen Verpflichtungen und einer hektischen Stimmung verbunden sind.<\/p>\n\n\n\n<p>In Susimetsa waren wir von einem ruhigen, d\u00fcsteren November umgeben, der noch auf Schnee wartete.\nAm Morgen tauchte die erste Eisschicht auf dem Teich auf. <\/p>\n\n\n\n<p>\u00dcbrigens ist P\u00e4rnu nicht weit vom Philosophicum entfernt, wo Sie abends zum Essen einkehren k\u00f6nnen.<\/p>\n\n\n\n<p>Vielen Dank, dass Sie uns empfangen!<\/p>\n<cite>Estnisches Nationalmuseum<\/cite><\/blockquote>\n\n<div style=\"height:19px\" aria-hidden=\"true\" class=\"wp-block-spacer\"><\/div>\n\n<hr class=\"wp-block-separator has-alpha-channel-opacity is-style-dots\"\/>\n\n<div style=\"height:20px\" aria-hidden=\"true\" class=\"wp-block-spacer\"><\/div>\n\n<p><em>Eesti keeles<\/em><\/p>\n\n<figure class=\"wp-block-image alignright size-large is-resized\"><img loading=\"lazy\" decoding=\"async\" width=\"1164\" height=\"800\" src=\"https:\/\/susimetsa.ee\/wp-content\/uploads\/2023\/12\/20231116_115800-1164x800.jpg\" alt=\"\" class=\"wp-image-17395\" style=\"width:486px;height:auto\" srcset=\"https:\/\/susimetsa.ee\/wp-content\/uploads\/2023\/12\/20231116_115800-1164x800.jpg 1164w, https:\/\/susimetsa.ee\/wp-content\/uploads\/2023\/12\/20231116_115800-400x275.jpg 400w, https:\/\/susimetsa.ee\/wp-content\/uploads\/2023\/12\/20231116_115800-768x528.jpg 768w, https:\/\/susimetsa.ee\/wp-content\/uploads\/2023\/12\/20231116_115800-1536x1055.jpg 1536w, https:\/\/susimetsa.ee\/wp-content\/uploads\/2023\/12\/20231116_115800-2048x1407.jpg 2048w, https:\/\/susimetsa.ee\/wp-content\/uploads\/2023\/12\/20231116_115800-860x591.jpg 860w, https:\/\/susimetsa.ee\/wp-content\/uploads\/2023\/12\/20231116_115800-430x295.jpg 430w, https:\/\/susimetsa.ee\/wp-content\/uploads\/2023\/12\/20231116_115800-700x481.jpg 700w, https:\/\/susimetsa.ee\/wp-content\/uploads\/2023\/12\/20231116_115800-150x103.jpg 150w\" sizes=\"auto, (max-width: 1164px) 100vw, 1164px\" \/><\/figure>\n\n<blockquote class=\"wp-block-quote is-layout-flow wp-block-quote-is-layout-flow\">\n<p>Viisime Eesti Rahva Muuseumi vanemteaduritega Susimetsa Philosophicumis l\u00e4bi m\u00f5nep\u00e4evase akadeemilise loomeresidentuuri.\nArutlesime nende p\u00e4evade jooksul viimaste aastate t\u00f6\u00f6de ja edasiste uurimissuundade \u00fcle.\nRaamatutest rikas maja aitas m\u00f5elda mitte sellele, mis on eelmistel aastatel \u00e4ra tehtud, vaid sellele, mis on olnud nende tegevuste tulemus ja sellelegi, kuhu siit edasi minna.  <\/p>\n\n\n\n<p>K\u00fclask\u00e4ik Susimetsa pakkus v\u00f5imaluse tulla v\u00e4lja tavalistest koosolekuruumidest, kuhu tulevad ju enamasti kaasa ka igap\u00e4evased kohustused ja kiirustav meeleolu.\nSusimetsas \u00fcmbritses meid vaikne, veel lume ootuses olnud h\u00e4mar november, tiigile tekkis hommikuti esimene j\u00e4\u00e4kirme. <\/p>\n\n\n\n<p>Philosophicumist kaugele ei j\u00e4\u00e4 aga ka P\u00e4rnu, kuhu on v\u00f5imalik \u00f5htus\u00f6\u00f6gile p\u00f5igata.<\/p>\n\n\n\n<p>Ait\u00e4h meid vastu v\u00f5tmast!<\/p>\n<cite>Eesti Rahva Muuseum<\/cite><\/blockquote>\n","protected":false},"excerpt":{"rendered":"<p>Akademische Residenz des Estnischen Nationalmuseums, 15-18. November 2023 \/ Eesti Rahva Muuseumi akadeemiline loomeresidentuur 15.-18. november 2023 Lesen Sie \u00fcber<\/p>\n","protected":false},"author":2,"featured_media":18658,"comment_status":"closed","ping_status":"closed","sticky":false,"template":"","format":"standard","meta":{"footnotes":""},"categories":[98],"tags":[],"class_list":["post-19150","post","type-post","status-publish","format-standard","has-post-thumbnail","hentry","category-ereignisse"],"_links":{"self":[{"href":"https:\/\/susimetsa.ee\/de\/wp-json\/wp\/v2\/posts\/19150","targetHints":{"allow":["GET"]}}],"collection":[{"href":"https:\/\/susimetsa.ee\/de\/wp-json\/wp\/v2\/posts"}],"about":[{"href":"https:\/\/susimetsa.ee\/de\/wp-json\/wp\/v2\/types\/post"}],"author":[{"embeddable":true,"href":"https:\/\/susimetsa.ee\/de\/wp-json\/wp\/v2\/users\/2"}],"replies":[{"embeddable":true,"href":"https:\/\/susimetsa.ee\/de\/wp-json\/wp\/v2\/comments?post=19150"}],"version-history":[{"count":1,"href":"https:\/\/susimetsa.ee\/de\/wp-json\/wp\/v2\/posts\/19150\/revisions"}],"predecessor-version":[{"id":19152,"href":"https:\/\/susimetsa.ee\/de\/wp-json\/wp\/v2\/posts\/19150\/revisions\/19152"}],"wp:featuredmedia":[{"embeddable":true,"href":"https:\/\/susimetsa.ee\/de\/wp-json\/wp\/v2\/media\/18658"}],"wp:attachment":[{"href":"https:\/\/susimetsa.ee\/de\/wp-json\/wp\/v2\/media?parent=19150"}],"wp:term":[{"taxonomy":"category","embeddable":true,"href":"https:\/\/susimetsa.ee\/de\/wp-json\/wp\/v2\/categories?post=19150"},{"taxonomy":"post_tag","embeddable":true,"href":"https:\/\/susimetsa.ee\/de\/wp-json\/wp\/v2\/tags?post=19150"}],"curies":[{"name":"wp","href":"https:\/\/api.w.org\/{rel}","templated":true}]}}