{"id":19130,"date":"2024-08-18T16:36:33","date_gmt":"2024-08-18T16:36:33","guid":{"rendered":"https:\/\/susimetsa.ee\/der-internationale-workshop-zur-antiken-philosophie\/"},"modified":"2024-09-15T07:50:10","modified_gmt":"2024-09-15T07:50:10","slug":"der-internationale-workshop-zur-antiken-philosophie","status":"publish","type":"post","link":"https:\/\/susimetsa.ee\/de\/der-internationale-workshop-zur-antiken-philosophie\/","title":{"rendered":"Der internationale Workshop zur antiken Philosophie"},"content":{"rendered":"\n<h1 class=\"wp-block-heading\"><br\/><strong>Der internationale Workshop zur antiken Philosophie, 9. bis 11. August 2024<\/strong> \/ <strong>Antiikfilosoofide rahvusvaheline t\u00f6\u00f6tuba<\/strong>, 9.-11.\naugust, 2024 <\/h1>\n\n<p><\/p>\n\n<p><em>Englische \u00dcbersetzung<\/em><\/p>\n\n<div class=\"wp-block-columns is-layout-flex wp-container-core-columns-is-layout-9d6595d7 wp-block-columns-is-layout-flex\">\n<div class=\"wp-block-column is-layout-flow wp-block-column-is-layout-flow\">\n<blockquote class=\"wp-block-quote is-layout-flow wp-block-quote-is-layout-flow\">\n<p>Der internationale Workshop zur Antiken Philosophie fand vom 9. bis 11. August 2024 im Susimetsa Philosophicum statt.<\/p>\n\n\n\n<p>Teilnehmer waren Toomas Lott (Universit\u00e4t Uppsala) und Riin Sirkel (Universit\u00e4t Tartu), Sean Coughlin (Akademie der Wissenschaften der Tschechischen Republik), Ronja Hildebrandt (TU Dortmund), Pauliina Remes (Universit\u00e4t Uppsala) und Laura Viidebaum (NYU).\nZu den diskutierten Themen geh\u00f6rten: Platons Auffassung von Beratung im Unterschied zu der in der antiken Demokratie \u00fcblichen Auffassung; die moderne Stoizismus-Bewegung und ihre Beziehung zum antiken Stoizismus; Aristoteles&#8216; Argumente daf\u00fcr, warum wir philosophieren sollten; Normen f\u00fcr sokratische Gespr\u00e4che; und Aristoteles&#8216; Gr\u00fcnde f\u00fcr die Unterscheidung zwischen den Geschlechtern. <\/p>\n\n\n\n<p>Die Teilnehmer kochten gemeinsam fabelhafte Mahlzeiten, gingen in die Sauna und schwammen im Bond, w\u00e4hrend sie die Sternschnuppen betrachteten.\nBei einem \u00dcberraschungsauftritt von Mitgliedern der Gruppe &#8222;Naised K\u00f6\u00f6gis&#8220; (&#8222;Frauen in der K\u00fcche&#8220;) erklang das Lied &#8222;K\u00f5ik l\u00e4heb m\u00f6\u00f6da&#8220; (&#8222;Alles wird vergehen&#8220;), das Themen der stoischen Philosophie aufgreift.\nSusimetsa Philosophicum ist mit seiner ruhigen Atmosph\u00e4re und der inspirierenden nat\u00fcrlichen Umgebung ein hervorragender Ort f\u00fcr gemeinsames Philosophieren und Nachdenken.  <\/p>\n<\/blockquote>\n<\/div>\n\n\n\n<div class=\"wp-block-column is-layout-flow wp-block-column-is-layout-flow\">\n<figure class=\"wp-block-video\"><video height=\"1080\" style=\"aspect-ratio: 1920 \/ 1080;\" width=\"1920\" controls=\"\" src=\"https:\/\/susimetsa.ee\/wp-content\/uploads\/2024\/08\/IMG_7573.mov\"><\/video><\/figure>\n<\/div>\n<\/div>\n\n<div style=\"height:19px\" aria-hidden=\"true\" class=\"wp-block-spacer\"><\/div>\n\n<hr class=\"wp-block-separator has-alpha-channel-opacity is-style-dots\"\/>\n\n<div style=\"height:20px\" aria-hidden=\"true\" class=\"wp-block-spacer\"><\/div>\n\n<p><em>Eesti keeles<\/em><\/p>\n\n<figure class=\"wp-block-image alignright size-large is-resized\"><img loading=\"lazy\" decoding=\"async\" width=\"1067\" height=\"800\" src=\"https:\/\/susimetsa.ee\/wp-content\/uploads\/2024\/08\/IMG_4356-1067x800.jpeg\" alt=\"\" class=\"wp-image-17643\" style=\"width:523px;height:auto\" srcset=\"https:\/\/susimetsa.ee\/wp-content\/uploads\/2024\/08\/IMG_4356-1067x800.jpeg 1067w, https:\/\/susimetsa.ee\/wp-content\/uploads\/2024\/08\/IMG_4356-400x300.jpeg 400w, https:\/\/susimetsa.ee\/wp-content\/uploads\/2024\/08\/IMG_4356-768x576.jpeg 768w, https:\/\/susimetsa.ee\/wp-content\/uploads\/2024\/08\/IMG_4356-1536x1152.jpeg 1536w, https:\/\/susimetsa.ee\/wp-content\/uploads\/2024\/08\/IMG_4356-2048x1536.jpeg 2048w, https:\/\/susimetsa.ee\/wp-content\/uploads\/2024\/08\/IMG_4356-860x645.jpeg 860w, https:\/\/susimetsa.ee\/wp-content\/uploads\/2024\/08\/IMG_4356-430x323.jpeg 430w, https:\/\/susimetsa.ee\/wp-content\/uploads\/2024\/08\/IMG_4356-700x525.jpeg 700w, https:\/\/susimetsa.ee\/wp-content\/uploads\/2024\/08\/IMG_4356-150x113.jpeg 150w\" sizes=\"auto, (max-width: 1067px) 100vw, 1067px\" \/><\/figure>\n\n<blockquote class=\"wp-block-quote is-layout-flow wp-block-quote-is-layout-flow\">\n<p>9.-11.\naugustil 2024 said Susimetsa Philosophicumis kokku Vana-Kreeka filosoofia uurijad: Toomas Lott ja Riin Sirkel Tartu \u00dclikoolist, Sean Coughlin T\u0161ehhi Teaduste Akadeemiast, Ronja Hildebrandt Dortmundi Tehnika\u00fclikoolist, Pauliina Remes Uppsala \u00dclikoolist ning Laura Viidebaum New Yorgi \u00dclikoolist.   <\/p>\n\n\n\n<p>K\u00f5ne all oli lai teemadering: kuidas Platoni arusaam ekspertn\u00f5uandest erineb Vana-Kreeka (ja ka t\u00e4nap\u00e4eva) demokraatias levinud arusaamast; kuidas m\u00f5jukaks muutunud modernse stoitsismi liikumine erineb antiikaja stoitsismist; kuidas Aristoteles argumenteerib selle kasuks, et meil tuleb filosofeerida; millised normid reguleerivad sokraatilisi vestlusi; miks bioloogiline erinevus sugude vahel on Aristotelese meelest loomadele hea.\n\u00dcllatusesinemise tegid liikmed ansamblist &#8222;Naised K\u00f6\u00f6gis&#8220;, kelle laul &#8222;K\u00f5ik l\u00e4heb m\u00f6\u00f6da&#8220; sobis kenasti kokku k\u00f5ne alla olnud stoitsismi liikumisega.\nSusimetsa Philosophicum oma maalilisuse, rahu ja hubase atmosf\u00e4\u00e4riga on t\u00f5esti suurep\u00e4rane koht koosolemiseks ja -m\u00f5tlemiseks.    <\/p>\n<\/blockquote>\n\n<div style=\"height:43px\" aria-hidden=\"true\" class=\"wp-block-spacer\"><\/div>\n","protected":false},"excerpt":{"rendered":"<p>Der internationale Workshop zur antiken Philosophie, 9. bis 11. August 2024 \/ Antiikfilosoofide rahvusvaheline t\u00f6\u00f6tuba, 9.-11. august, 2024 Englische \u00dcbersetzung<\/p>\n","protected":false},"author":2,"featured_media":18898,"comment_status":"closed","ping_status":"closed","sticky":false,"template":"","format":"standard","meta":{"footnotes":""},"categories":[98],"tags":[],"class_list":["post-19130","post","type-post","status-publish","format-standard","has-post-thumbnail","hentry","category-ereignisse"],"_links":{"self":[{"href":"https:\/\/susimetsa.ee\/de\/wp-json\/wp\/v2\/posts\/19130","targetHints":{"allow":["GET"]}}],"collection":[{"href":"https:\/\/susimetsa.ee\/de\/wp-json\/wp\/v2\/posts"}],"about":[{"href":"https:\/\/susimetsa.ee\/de\/wp-json\/wp\/v2\/types\/post"}],"author":[{"embeddable":true,"href":"https:\/\/susimetsa.ee\/de\/wp-json\/wp\/v2\/users\/2"}],"replies":[{"embeddable":true,"href":"https:\/\/susimetsa.ee\/de\/wp-json\/wp\/v2\/comments?post=19130"}],"version-history":[{"count":1,"href":"https:\/\/susimetsa.ee\/de\/wp-json\/wp\/v2\/posts\/19130\/revisions"}],"predecessor-version":[{"id":19133,"href":"https:\/\/susimetsa.ee\/de\/wp-json\/wp\/v2\/posts\/19130\/revisions\/19133"}],"wp:featuredmedia":[{"embeddable":true,"href":"https:\/\/susimetsa.ee\/de\/wp-json\/wp\/v2\/media\/18898"}],"wp:attachment":[{"href":"https:\/\/susimetsa.ee\/de\/wp-json\/wp\/v2\/media?parent=19130"}],"wp:term":[{"taxonomy":"category","embeddable":true,"href":"https:\/\/susimetsa.ee\/de\/wp-json\/wp\/v2\/categories?post=19130"},{"taxonomy":"post_tag","embeddable":true,"href":"https:\/\/susimetsa.ee\/de\/wp-json\/wp\/v2\/tags?post=19130"}],"curies":[{"name":"wp","href":"https:\/\/api.w.org\/{rel}","templated":true}]}}